{"id":1891,"date":"2017-06-16T10:07:22","date_gmt":"2017-06-16T09:07:22","guid":{"rendered":"http:\/\/www.pasonoroeste.com\/blog\/?p=1891"},"modified":"2022-10-11T11:03:58","modified_gmt":"2022-10-11T10:03:58","slug":"el-pico-de-adan-a-5200-escalones-de-un-amanecer-sobre-sri-lanka","status":"publish","type":"post","link":"https:\/\/www.pasonoroeste.com\/blog\/el-pico-de-adan-a-5200-escalones-de-un-amanecer-sobre-sri-lanka\/","title":{"rendered":"El Pico de Adan. A 5200 escalones de un amanecer sobre Sri Lanka"},"content":{"rendered":"<p style=\"color: #222222;\">Cuando el despertador me son\u00f3 a las 2 de la ma\u00f1ana no me lo pod\u00eda creer\u2026 \u00a1pero si acabo de cerrar el ojo! En fin\u2026 \u00a1me tengo que poner las pilas, que hay una monta\u00f1a que subir! Un caf\u00e9, unas galletas, repasar la mochila (que no se me olvide el agua como la \u00faltima vez) \u00a1y listo!<\/p>\n<p style=\"color: #222222;\">A las 3 de la ma\u00f1ana comienzo la ascensi\u00f3n por el primero de los 5200 escalones que me separan de la cima del Sri Pada, o como se conoce popularmente, Pico de Ad\u00e1n, que con sus 2.243 metros es la monta\u00f1a m\u00e1s alta de Sri Lanka, y destino de cientos de peregrinos que cada d\u00eda realizan el mismo recorrido que el que acabo de comenzar. Y es que el monte de Ad\u00e1n es un lugar de peregrinaje, ya que en su cima hay una huella que seg\u00fan unas religiones se trata del pie de Ad\u00e1n al abandonar el para\u00edso. Para los budistas es de Buda. Y los hinduistas afirman que se trata de Shiva. As\u00ed que independientemente de quien dejara su huella en la cima, todo parecer coincidir a que todos somos hijos de un mismo Dios.<\/p>\n<div id=\"attachment_1905\" style=\"width: 530px\" class=\"wp-caption aligncenter\"><a href=\"https:\/\/www.pasonoroeste.com\/blog\/wp-content\/uploads\/2015\/06\/Vista-a\u00e9rea-del-Pico-Adan.jpg\"><img loading=\"lazy\" decoding=\"async\" aria-describedby=\"caption-attachment-1905\" class=\"wp-image-1905\" src=\"https:\/\/www.pasonoroeste.com\/blog\/wp-content\/uploads\/2015\/06\/Vista-a\u00e9rea-del-Pico-Adan.jpg\" alt=\"Vistas a\u00e9reas del Pico de Adan\" width=\"520\" height=\"345\" srcset=\"https:\/\/www.pasonoroeste.com\/blog\/wp-content\/uploads\/2015\/06\/Vista-a\u00e9rea-del-Pico-Adan.jpg 800w, https:\/\/www.pasonoroeste.com\/blog\/wp-content\/uploads\/2015\/06\/Vista-a\u00e9rea-del-Pico-Adan-300x199.jpg 300w\" sizes=\"(max-width: 520px) 100vw, 520px\" \/><\/a><p id=\"caption-attachment-1905\" class=\"wp-caption-text\">Vistas a\u00e9reas del Pico de Adan<\/p><\/div>\n<p style=\"color: #222222;\">Os preguntar\u00e9is sobre las extra\u00f1as horas en las que decido subir monta\u00f1as. Pues existen dos razones. La primera es evitar las calurosas horas del d\u00eda donde la subida, ya de por si extenuante, puede convertirse en un aut\u00e9ntico infierno. Y la segunda, perfectamente relacionada con la primera, es llegar a tiempo para disfrutar de la salida del sol dominando todo el verde paisaje de Sri Lanka.<\/p>\n<div id=\"attachment_1895\" style=\"width: 530px\" class=\"wp-caption aligncenter\"><a href=\"https:\/\/www.pasonoroeste.com\/blog\/wp-content\/uploads\/2015\/06\/Ascension-de-noche.jpg\"><img loading=\"lazy\" decoding=\"async\" aria-describedby=\"caption-attachment-1895\" class=\"wp-image-1895\" src=\"https:\/\/www.pasonoroeste.com\/blog\/wp-content\/uploads\/2015\/06\/Ascension-de-noche.jpg\" alt=\"Ascensi\u00f3n nocturna al Pico de Adan\" width=\"520\" height=\"346\" srcset=\"https:\/\/www.pasonoroeste.com\/blog\/wp-content\/uploads\/2015\/06\/Ascension-de-noche.jpg 800w, https:\/\/www.pasonoroeste.com\/blog\/wp-content\/uploads\/2015\/06\/Ascension-de-noche-300x199.jpg 300w\" sizes=\"(max-width: 520px) 100vw, 520px\" \/><\/a><p id=\"caption-attachment-1895\" class=\"wp-caption-text\">Ascensi\u00f3n nocturna al Pico de Adan<\/p><\/div>\n<p style=\"color: #222222;\">Comienzo la caminata envuelto en una misteriosa niebla. Unas farolas iluminan el recorrido donde fantasmag\u00f3ricas siluetas caminan en una suerte de silenciosa procesi\u00f3n, como si nos dispusi\u00e9ramos a traspasar las puertas de otro mundo. Dejamos atr\u00e1s los puestos de comida y traspasamos un arco de piedra, y poco a poco la subida comienza a ser m\u00e1s pronunciada, caminando con pasos irracionalmente desiguales sobre escalones tallados en la roca. A mi lado contemplo a familias enteras de peregrinos, ancianos, ni\u00f1os con fuerzas para jugar y saltar y hasta embarazadas con esa firme mirada que solo puede tener la mujer en ciertos continentes. Casi todos ellos descalzos, vestidos con el distintivo blanco de los peregrinos y un gorro para protegerse del fr\u00edo nocturno.<\/p>\n<div id=\"attachment_1899\" style=\"width: 530px\" class=\"wp-caption aligncenter\"><a href=\"https:\/\/www.pasonoroeste.com\/blog\/wp-content\/uploads\/2015\/06\/Peregrino.jpg\"><img loading=\"lazy\" decoding=\"async\" aria-describedby=\"caption-attachment-1899\" class=\"wp-image-1899\" src=\"https:\/\/www.pasonoroeste.com\/blog\/wp-content\/uploads\/2015\/06\/Peregrino.jpg\" alt=\"Peregrino ascendiendo a la cumbre\" width=\"520\" height=\"345\" srcset=\"https:\/\/www.pasonoroeste.com\/blog\/wp-content\/uploads\/2015\/06\/Peregrino.jpg 800w, https:\/\/www.pasonoroeste.com\/blog\/wp-content\/uploads\/2015\/06\/Peregrino-300x199.jpg 300w\" sizes=\"(max-width: 520px) 100vw, 520px\" \/><\/a><p id=\"caption-attachment-1899\" class=\"wp-caption-text\">Peregrino ascendiendo a la cumbre<\/p><\/div>\n<p style=\"color: #222222;\">Tras hora y media de subida aprovecho para tomarme un descanso de cara a afrontar la temida parte final. El malhumorado dependiente de un kiosco me derrama un caliente t\u00e9 sobre mi taza. Imagino que a esas horas, levantarte para atender el negocio de tu jefe que duerme en la trastienda, no debe de ser el empleo m\u00e1s gratificante del mundo. Mientras engullo unos pl\u00e1tanos, observo la serpiente humana que avanza lentamente hacia mi. Parece mentira todo lo que he subido en tan poco tiempo. Miro hacia arriba. All\u00ed arriba, en alg\u00fan punto de la oscuridad, est\u00e1 mi anhelada meta.<\/p>\n<p style=\"color: #222222;\">El \u00faltimo tramo es terriblemente escarpado. Afortunadamente, el gobierno ha tallado los escalones eliminando el escarpado terreno natural. Las barandillas met\u00e1licas ayudan a impulsarse, y es que el \u00faltimo kil\u00f3metro es casi como subir la infinita escalera de un bombero. Parece que no tiene fin. Mis pulmones se dilatan como si fueran a explotar. Pero una anaranjada l\u00ednea en el horizonte me conmina a seguir, que la ansiada meta est\u00e1 cerca. Adelantas a gente que se para constantemente para tomar resuello. (aunque tambi\u00e9n debo decir en su defensa, que algunos me doblan en edad). Una peque\u00f1a estatuada de Buda rodeada de luces multicolores anuncian como a los ciclistas al subir un puerto, que la cima est\u00e1 cercana. Llevo algo menos de 3 horas de ascensi\u00f3n.<\/p>\n<p style=\"color: #222222;\">Cuando llego a la cima, el incipiente sol me permite discernir los relieves de la cima. \u00a1prueba superada!. Una plataforma atestada de peregrinos y algunos otros turistas me aguardan como desilusionante recompensa a mi ascensi\u00f3n. No va a ser posible disfrutar del amanecer en perfecta soledad, pero bueno, el espect\u00e1culo consigue abstraerme del resto de peregrinos. El cielo comienza a derretirse en un abanico de a\u00f1iles, p\u00farpuras, rosas y rojos, hasta que como si de una estrella rock comenzando un concierto, una luz cegadora que barre el horizonte de oro l\u00edquido asoma por el horizonte. Y lo m\u00e1s incre\u00edble de este momento es que la atestada cima del Pico de Ad\u00e1n, enmudece, como si los all\u00ed presentes manifestaran sus respetos al Dios Sol.<\/p>\n<div id=\"attachment_1900\" style=\"width: 530px\" class=\"wp-caption aligncenter\"><a href=\"https:\/\/www.pasonoroeste.com\/blog\/wp-content\/uploads\/2015\/06\/Sombra-pico-Adan.jpg\"><img loading=\"lazy\" decoding=\"async\" aria-describedby=\"caption-attachment-1900\" class=\"wp-image-1900\" src=\"https:\/\/www.pasonoroeste.com\/blog\/wp-content\/uploads\/2015\/06\/Sombra-pico-Adan.jpg\" alt=\"Sombra de la cumbre sobre el horizonte\" width=\"520\" height=\"297\" srcset=\"https:\/\/www.pasonoroeste.com\/blog\/wp-content\/uploads\/2015\/06\/Sombra-pico-Adan.jpg 800w, https:\/\/www.pasonoroeste.com\/blog\/wp-content\/uploads\/2015\/06\/Sombra-pico-Adan-300x171.jpg 300w\" sizes=\"(max-width: 520px) 100vw, 520px\" \/><\/a><p id=\"caption-attachment-1900\" class=\"wp-caption-text\">Sombra de la cumbre sobre el horizonte<\/p><\/div>\n<p style=\"color: #222222;\">Durante unos minutos todo permanece en la m\u00e1s absoluta calma, y me permite disfrutar de un espectacular amanecer, contemplando a un lado el nuevo sol ba\u00f1ando la isla de Sri Lanka, y al otro la sombra del Pico de Ad\u00e1n recortada sobre una alfombra del nubes sobre el horizonte. En un momento dado, esa magia se desvanece, y todos los peregrinos comienzan una desaforada carrera para descender del monte. Aprovecho esos momentos donde todo est\u00e1 m\u00e1s tranquilo, para explorar la cima, contemplar como unos monjes realizan sus rezos y como los devotes extienden sus plegarias sobre la sagrada huella.<\/p>\n<p style=\"color: #222222;\">Antes de que el sol se decida a ascender m\u00e1s sobre la b\u00f3veda celeste, emprendo el vertiginoso descenso. La primera parte de la bajada, destroza mis rodillas, que a mitad de camino deciden dejar de funcionar, as\u00ed que me tomo unos minutos de descanso, reponiendo mis articulaciones antes de emprender de nuevo la marcha. Una vez abajo, mis maltrechas rodillas me recordar\u00e1n durante un par de d\u00edas que ciertos excesos con la edad comienzan a pagarse. Pero bueno\u2026 \u00bfque son dos d\u00edas de penitencia pudiendo haber disfrutado de un espectacular amanecer sobre la cima del Pico de Ad\u00e1n, en el coraz\u00f3n de Sri Lanka? Hay cosas en la vida que sin duda merecen la pena, y los dolores se olvidan r\u00e1pidamente, pero ciertas escenas se quedan en la retina durante muchos, muchos a\u00f1os\u2026.<\/p>\n<div id=\"attachment_1896\" style=\"width: 530px\" class=\"wp-caption aligncenter\"><a href=\"https:\/\/www.pasonoroeste.com\/blog\/wp-content\/uploads\/2015\/06\/Comienza-la-ascensi\u00f3n.jpg\"><img loading=\"lazy\" decoding=\"async\" aria-describedby=\"caption-attachment-1896\" class=\"wp-image-1896\" src=\"https:\/\/www.pasonoroeste.com\/blog\/wp-content\/uploads\/2015\/06\/Comienza-la-ascensi\u00f3n.jpg\" alt=\"Tramo de la ascensi\u00f3n\" width=\"520\" height=\"257\" srcset=\"https:\/\/www.pasonoroeste.com\/blog\/wp-content\/uploads\/2015\/06\/Comienza-la-ascensi\u00f3n.jpg 800w, https:\/\/www.pasonoroeste.com\/blog\/wp-content\/uploads\/2015\/06\/Comienza-la-ascensi\u00f3n-300x148.jpg 300w\" sizes=\"(max-width: 520px) 100vw, 520px\" \/><\/a><p id=\"caption-attachment-1896\" class=\"wp-caption-text\">Tramo de la ascensi\u00f3n<\/p><\/div>\n<p style=\"color: #222222;\">\u00bfTe vienes de <a title=\"Viaje a Sri Lanka\" href=\"https:\/\/www.pasonoroeste.com\/viaje\/sri-lanka\/\" target=\"_blank\" rel=\"noopener\">viaje a Sri lanka<\/a> con Paso Noroeste?<\/p>\n","protected":false},"excerpt":{"rendered":"<p>Cuando el despertador me son\u00f3 a las 2 de la ma\u00f1ana no me lo pod\u00eda creer\u2026 \u00a1pero si acabo de cerrar el ojo! En fin\u2026 \u00a1me tengo que poner las pilas, que hay una monta\u00f1a que subir! Un caf\u00e9, unas galletas, repasar la mochila (que no se me olvide el agua como la \u00faltima vez) [&hellip;]<\/p>\n","protected":false},"author":2,"featured_media":1905,"comment_status":"open","ping_status":"open","sticky":false,"template":"","format":"standard","meta":{"footnotes":""},"categories":[34],"tags":[478,474,483,476,482,473,540,475,479,480,477],"yoast_head":"<!-- This site is optimized with the Yoast SEO plugin v24.1 - https:\/\/yoast.com\/wordpress\/plugins\/seo\/ -->\n<title>El Pico de Adan. A 5200 escalones de un amanecer sobre Sri Lanka - Blog del Paso Noroeste<\/title>\n<meta name=\"robots\" content=\"index, follow, max-snippet:-1, max-image-preview:large, max-video-preview:-1\" \/>\n<link rel=\"canonical\" href=\"https:\/\/www.pasonoroeste.com\/blog\/el-pico-de-adan-a-5200-escalones-de-un-amanecer-sobre-sri-lanka\/\" \/>\n<meta property=\"og:locale\" content=\"es_ES\" \/>\n<meta property=\"og:type\" content=\"article\" \/>\n<meta property=\"og:title\" content=\"El Pico de Adan. A 5200 escalones de un amanecer sobre Sri Lanka - Blog del Paso Noroeste\" \/>\n<meta property=\"og:description\" content=\"Cuando el despertador me son\u00f3 a las 2 de la ma\u00f1ana no me lo pod\u00eda creer\u2026 \u00a1pero si acabo de cerrar el ojo! En fin\u2026 \u00a1me tengo que poner las pilas, que hay una monta\u00f1a que subir! Un caf\u00e9, unas galletas, repasar la mochila (que no se me olvide el agua como la \u00faltima vez) [&hellip;]\" \/>\n<meta property=\"og:url\" content=\"https:\/\/www.pasonoroeste.com\/blog\/el-pico-de-adan-a-5200-escalones-de-un-amanecer-sobre-sri-lanka\/\" \/>\n<meta property=\"og:site_name\" content=\"Blog del Paso Noroeste\" \/>\n<meta property=\"article:publisher\" content=\"https:\/\/www.facebook.com\/pasonoroeste\" \/>\n<meta property=\"article:published_time\" content=\"2017-06-16T09:07:22+00:00\" \/>\n<meta property=\"article:modified_time\" content=\"2022-10-11T10:03:58+00:00\" \/>\n<meta property=\"og:image\" content=\"https:\/\/www.pasonoroeste.com\/blog\/wp-content\/uploads\/2015\/06\/Vista-a\u00e9rea-del-Pico-Adan.jpg\" \/>\n\t<meta property=\"og:image:width\" content=\"800\" \/>\n\t<meta property=\"og:image:height\" content=\"531\" \/>\n\t<meta property=\"og:image:type\" content=\"image\/jpeg\" \/>\n<meta name=\"author\" content=\"Dr. Livigstone\" \/>\n<meta name=\"twitter:card\" content=\"summary_large_image\" \/>\n<meta name=\"twitter:label1\" content=\"Escrito por\" \/>\n\t<meta name=\"twitter:data1\" content=\"Dr. Livigstone\" \/>\n\t<meta name=\"twitter:label2\" content=\"Tiempo de lectura\" \/>\n\t<meta name=\"twitter:data2\" content=\"6 minutos\" \/>\n<script type=\"application\/ld+json\" class=\"yoast-schema-graph\">{\"@context\":\"https:\/\/schema.org\",\"@graph\":[{\"@type\":\"WebPage\",\"@id\":\"https:\/\/www.pasonoroeste.com\/blog\/el-pico-de-adan-a-5200-escalones-de-un-amanecer-sobre-sri-lanka\/\",\"url\":\"https:\/\/www.pasonoroeste.com\/blog\/el-pico-de-adan-a-5200-escalones-de-un-amanecer-sobre-sri-lanka\/\",\"name\":\"El Pico de Adan. A 5200 escalones de un amanecer sobre Sri Lanka - Blog del Paso Noroeste\",\"isPartOf\":{\"@id\":\"https:\/\/www.pasonoroeste.com\/blog\/#website\"},\"primaryImageOfPage\":{\"@id\":\"https:\/\/www.pasonoroeste.com\/blog\/el-pico-de-adan-a-5200-escalones-de-un-amanecer-sobre-sri-lanka\/#primaryimage\"},\"image\":{\"@id\":\"https:\/\/www.pasonoroeste.com\/blog\/el-pico-de-adan-a-5200-escalones-de-un-amanecer-sobre-sri-lanka\/#primaryimage\"},\"thumbnailUrl\":\"https:\/\/www.pasonoroeste.com\/blog\/wp-content\/uploads\/2015\/06\/Vista-a\u00e9rea-del-Pico-Adan.jpg\",\"datePublished\":\"2017-06-16T09:07:22+00:00\",\"dateModified\":\"2022-10-11T10:03:58+00:00\",\"author\":{\"@id\":\"https:\/\/www.pasonoroeste.com\/blog\/#\/schema\/person\/1c4596a3c0462ea1c0dc1abe9f663aa4\"},\"breadcrumb\":{\"@id\":\"https:\/\/www.pasonoroeste.com\/blog\/el-pico-de-adan-a-5200-escalones-de-un-amanecer-sobre-sri-lanka\/#breadcrumb\"},\"inLanguage\":\"es\",\"potentialAction\":[{\"@type\":\"ReadAction\",\"target\":[\"https:\/\/www.pasonoroeste.com\/blog\/el-pico-de-adan-a-5200-escalones-de-un-amanecer-sobre-sri-lanka\/\"]}]},{\"@type\":\"ImageObject\",\"inLanguage\":\"es\",\"@id\":\"https:\/\/www.pasonoroeste.com\/blog\/el-pico-de-adan-a-5200-escalones-de-un-amanecer-sobre-sri-lanka\/#primaryimage\",\"url\":\"https:\/\/www.pasonoroeste.com\/blog\/wp-content\/uploads\/2015\/06\/Vista-a\u00e9rea-del-Pico-Adan.jpg\",\"contentUrl\":\"https:\/\/www.pasonoroeste.com\/blog\/wp-content\/uploads\/2015\/06\/Vista-a\u00e9rea-del-Pico-Adan.jpg\",\"width\":800,\"height\":531,\"caption\":\"Vistas a\u00e9reas del Pico de Adan\"},{\"@type\":\"BreadcrumbList\",\"@id\":\"https:\/\/www.pasonoroeste.com\/blog\/el-pico-de-adan-a-5200-escalones-de-un-amanecer-sobre-sri-lanka\/#breadcrumb\",\"itemListElement\":[{\"@type\":\"ListItem\",\"position\":1,\"name\":\"Portada\",\"item\":\"https:\/\/www.pasonoroeste.com\/blog\/\"},{\"@type\":\"ListItem\",\"position\":2,\"name\":\"El Pico de Adan. A 5200 escalones de un amanecer sobre Sri Lanka\"}]},{\"@type\":\"WebSite\",\"@id\":\"https:\/\/www.pasonoroeste.com\/blog\/#website\",\"url\":\"https:\/\/www.pasonoroeste.com\/blog\/\",\"name\":\"Blog del Paso Noroeste\",\"description\":\"Blog de viajes de aventura con Paso Noroeste\",\"potentialAction\":[{\"@type\":\"SearchAction\",\"target\":{\"@type\":\"EntryPoint\",\"urlTemplate\":\"https:\/\/www.pasonoroeste.com\/blog\/?s={search_term_string}\"},\"query-input\":{\"@type\":\"PropertyValueSpecification\",\"valueRequired\":true,\"valueName\":\"search_term_string\"}}],\"inLanguage\":\"es\"},{\"@type\":\"Person\",\"@id\":\"https:\/\/www.pasonoroeste.com\/blog\/#\/schema\/person\/1c4596a3c0462ea1c0dc1abe9f663aa4\",\"name\":\"Dr. Livigstone\",\"image\":{\"@type\":\"ImageObject\",\"inLanguage\":\"es\",\"@id\":\"https:\/\/www.pasonoroeste.com\/blog\/#\/schema\/person\/image\/\",\"url\":\"https:\/\/secure.gravatar.com\/avatar\/ab2ff1d8c4bf39ce32b9e7e21925c578?s=96&d=mm&r=g\",\"contentUrl\":\"https:\/\/secure.gravatar.com\/avatar\/ab2ff1d8c4bf39ce32b9e7e21925c578?s=96&d=mm&r=g\",\"caption\":\"Dr. Livigstone\"},\"sameAs\":[\"https:\/\/www.pasonoroeste.com\"],\"url\":\"https:\/\/www.pasonoroeste.com\/blog\/author\/alvaro\/\"}]}<\/script>\n<!-- \/ Yoast SEO plugin. -->","yoast_head_json":{"title":"El Pico de Adan. A 5200 escalones de un amanecer sobre Sri Lanka - Blog del Paso Noroeste","robots":{"index":"index","follow":"follow","max-snippet":"max-snippet:-1","max-image-preview":"max-image-preview:large","max-video-preview":"max-video-preview:-1"},"canonical":"https:\/\/www.pasonoroeste.com\/blog\/el-pico-de-adan-a-5200-escalones-de-un-amanecer-sobre-sri-lanka\/","og_locale":"es_ES","og_type":"article","og_title":"El Pico de Adan. A 5200 escalones de un amanecer sobre Sri Lanka - Blog del Paso Noroeste","og_description":"Cuando el despertador me son\u00f3 a las 2 de la ma\u00f1ana no me lo pod\u00eda creer\u2026 \u00a1pero si acabo de cerrar el ojo! En fin\u2026 \u00a1me tengo que poner las pilas, que hay una monta\u00f1a que subir! Un caf\u00e9, unas galletas, repasar la mochila (que no se me olvide el agua como la \u00faltima vez) [&hellip;]","og_url":"https:\/\/www.pasonoroeste.com\/blog\/el-pico-de-adan-a-5200-escalones-de-un-amanecer-sobre-sri-lanka\/","og_site_name":"Blog del Paso Noroeste","article_publisher":"https:\/\/www.facebook.com\/pasonoroeste","article_published_time":"2017-06-16T09:07:22+00:00","article_modified_time":"2022-10-11T10:03:58+00:00","og_image":[{"width":800,"height":531,"url":"https:\/\/www.pasonoroeste.com\/blog\/wp-content\/uploads\/2015\/06\/Vista-a\u00e9rea-del-Pico-Adan.jpg","type":"image\/jpeg"}],"author":"Dr. Livigstone","twitter_card":"summary_large_image","twitter_misc":{"Escrito por":"Dr. Livigstone","Tiempo de lectura":"6 minutos"},"schema":{"@context":"https:\/\/schema.org","@graph":[{"@type":"WebPage","@id":"https:\/\/www.pasonoroeste.com\/blog\/el-pico-de-adan-a-5200-escalones-de-un-amanecer-sobre-sri-lanka\/","url":"https:\/\/www.pasonoroeste.com\/blog\/el-pico-de-adan-a-5200-escalones-de-un-amanecer-sobre-sri-lanka\/","name":"El Pico de Adan. A 5200 escalones de un amanecer sobre Sri Lanka - Blog del Paso Noroeste","isPartOf":{"@id":"https:\/\/www.pasonoroeste.com\/blog\/#website"},"primaryImageOfPage":{"@id":"https:\/\/www.pasonoroeste.com\/blog\/el-pico-de-adan-a-5200-escalones-de-un-amanecer-sobre-sri-lanka\/#primaryimage"},"image":{"@id":"https:\/\/www.pasonoroeste.com\/blog\/el-pico-de-adan-a-5200-escalones-de-un-amanecer-sobre-sri-lanka\/#primaryimage"},"thumbnailUrl":"https:\/\/www.pasonoroeste.com\/blog\/wp-content\/uploads\/2015\/06\/Vista-a\u00e9rea-del-Pico-Adan.jpg","datePublished":"2017-06-16T09:07:22+00:00","dateModified":"2022-10-11T10:03:58+00:00","author":{"@id":"https:\/\/www.pasonoroeste.com\/blog\/#\/schema\/person\/1c4596a3c0462ea1c0dc1abe9f663aa4"},"breadcrumb":{"@id":"https:\/\/www.pasonoroeste.com\/blog\/el-pico-de-adan-a-5200-escalones-de-un-amanecer-sobre-sri-lanka\/#breadcrumb"},"inLanguage":"es","potentialAction":[{"@type":"ReadAction","target":["https:\/\/www.pasonoroeste.com\/blog\/el-pico-de-adan-a-5200-escalones-de-un-amanecer-sobre-sri-lanka\/"]}]},{"@type":"ImageObject","inLanguage":"es","@id":"https:\/\/www.pasonoroeste.com\/blog\/el-pico-de-adan-a-5200-escalones-de-un-amanecer-sobre-sri-lanka\/#primaryimage","url":"https:\/\/www.pasonoroeste.com\/blog\/wp-content\/uploads\/2015\/06\/Vista-a\u00e9rea-del-Pico-Adan.jpg","contentUrl":"https:\/\/www.pasonoroeste.com\/blog\/wp-content\/uploads\/2015\/06\/Vista-a\u00e9rea-del-Pico-Adan.jpg","width":800,"height":531,"caption":"Vistas a\u00e9reas del Pico de Adan"},{"@type":"BreadcrumbList","@id":"https:\/\/www.pasonoroeste.com\/blog\/el-pico-de-adan-a-5200-escalones-de-un-amanecer-sobre-sri-lanka\/#breadcrumb","itemListElement":[{"@type":"ListItem","position":1,"name":"Portada","item":"https:\/\/www.pasonoroeste.com\/blog\/"},{"@type":"ListItem","position":2,"name":"El Pico de Adan. A 5200 escalones de un amanecer sobre Sri Lanka"}]},{"@type":"WebSite","@id":"https:\/\/www.pasonoroeste.com\/blog\/#website","url":"https:\/\/www.pasonoroeste.com\/blog\/","name":"Blog del Paso Noroeste","description":"Blog de viajes de aventura con Paso Noroeste","potentialAction":[{"@type":"SearchAction","target":{"@type":"EntryPoint","urlTemplate":"https:\/\/www.pasonoroeste.com\/blog\/?s={search_term_string}"},"query-input":{"@type":"PropertyValueSpecification","valueRequired":true,"valueName":"search_term_string"}}],"inLanguage":"es"},{"@type":"Person","@id":"https:\/\/www.pasonoroeste.com\/blog\/#\/schema\/person\/1c4596a3c0462ea1c0dc1abe9f663aa4","name":"Dr. Livigstone","image":{"@type":"ImageObject","inLanguage":"es","@id":"https:\/\/www.pasonoroeste.com\/blog\/#\/schema\/person\/image\/","url":"https:\/\/secure.gravatar.com\/avatar\/ab2ff1d8c4bf39ce32b9e7e21925c578?s=96&d=mm&r=g","contentUrl":"https:\/\/secure.gravatar.com\/avatar\/ab2ff1d8c4bf39ce32b9e7e21925c578?s=96&d=mm&r=g","caption":"Dr. Livigstone"},"sameAs":["https:\/\/www.pasonoroeste.com"],"url":"https:\/\/www.pasonoroeste.com\/blog\/author\/alvaro\/"}]}},"_links":{"self":[{"href":"https:\/\/www.pasonoroeste.com\/blog\/wp-json\/wp\/v2\/posts\/1891"}],"collection":[{"href":"https:\/\/www.pasonoroeste.com\/blog\/wp-json\/wp\/v2\/posts"}],"about":[{"href":"https:\/\/www.pasonoroeste.com\/blog\/wp-json\/wp\/v2\/types\/post"}],"author":[{"embeddable":true,"href":"https:\/\/www.pasonoroeste.com\/blog\/wp-json\/wp\/v2\/users\/2"}],"replies":[{"embeddable":true,"href":"https:\/\/www.pasonoroeste.com\/blog\/wp-json\/wp\/v2\/comments?post=1891"}],"version-history":[{"count":6,"href":"https:\/\/www.pasonoroeste.com\/blog\/wp-json\/wp\/v2\/posts\/1891\/revisions"}],"predecessor-version":[{"id":4320,"href":"https:\/\/www.pasonoroeste.com\/blog\/wp-json\/wp\/v2\/posts\/1891\/revisions\/4320"}],"wp:featuredmedia":[{"embeddable":true,"href":"https:\/\/www.pasonoroeste.com\/blog\/wp-json\/wp\/v2\/media\/1905"}],"wp:attachment":[{"href":"https:\/\/www.pasonoroeste.com\/blog\/wp-json\/wp\/v2\/media?parent=1891"}],"wp:term":[{"taxonomy":"category","embeddable":true,"href":"https:\/\/www.pasonoroeste.com\/blog\/wp-json\/wp\/v2\/categories?post=1891"},{"taxonomy":"post_tag","embeddable":true,"href":"https:\/\/www.pasonoroeste.com\/blog\/wp-json\/wp\/v2\/tags?post=1891"}],"curies":[{"name":"wp","href":"https:\/\/api.w.org\/{rel}","templated":true}]}}