{"id":3261,"date":"2021-01-18T12:15:13","date_gmt":"2021-01-18T11:15:13","guid":{"rendered":"https:\/\/www.pasonoroeste.com\/blog\/?p=3261"},"modified":"2025-12-23T15:58:16","modified_gmt":"2025-12-23T14:58:16","slug":"madeira-un-jardin-flotante-o-la-perla-del-atlantico","status":"publish","type":"post","link":"https:\/\/www.pasonoroeste.com\/blog\/madeira-un-jardin-flotante-o-la-perla-del-atlantico\/","title":{"rendered":"Madeira, un \u201cJard\u00edn flotante\u201d o \u201cla Perla del Atl\u00e1ntico\u201d"},"content":{"rendered":"\r\n<p>En el 2017, los premios del sector tur\u00edstico m\u00e1s prestigioso del mundo<strong>, los World Travel Awards, declararon la isla portuguesa de Madeira como el mejor destino insular del mundo<\/strong>. Un premio que puede sorprender porque no es el cl\u00e1sico destino de playa al que todos estamos acostumbrados. Sin embargo, aunque s\u00ed que tiene hermosas playas donde ba\u00f1arse no es popular por este motivo, <strong>tiene otros muchos atractivos<\/strong> que bien merecen conocerse. Experiencias de todo tipo esperan en esta isla portuguesa, <strong>desde magn\u00edficos senderos a impresionantes acantilados, miradores espectaculares, preciosos pueblos y fortalezas, valles, monta\u00f1as, piscinas naturales\u2026 y, por supuesto, su gastronom\u00eda.<\/strong><\/p>\r\n\r\n\r\n\r\n<figure class=\"wp-block-image size-large is-resized\"><img loading=\"lazy\" decoding=\"async\" class=\"wp-image-3266\" src=\"https:\/\/www.pasonoroeste.com\/blog\/wp-content\/uploads\/2021\/01\/funchal-4826583_1280-1024x685.jpg\" alt=\"\" width=\"941\" height=\"628\" srcset=\"https:\/\/www.pasonoroeste.com\/blog\/wp-content\/uploads\/2021\/01\/funchal-4826583_1280-1024x685.jpg 1024w, https:\/\/www.pasonoroeste.com\/blog\/wp-content\/uploads\/2021\/01\/funchal-4826583_1280-300x201.jpg 300w, https:\/\/www.pasonoroeste.com\/blog\/wp-content\/uploads\/2021\/01\/funchal-4826583_1280-768x514.jpg 768w, https:\/\/www.pasonoroeste.com\/blog\/wp-content\/uploads\/2021\/01\/funchal-4826583_1280-705x471.jpg 705w, https:\/\/www.pasonoroeste.com\/blog\/wp-content\/uploads\/2021\/01\/funchal-4826583_1280-450x301.jpg 450w\" sizes=\"(max-width: 941px) 100vw, 941px\" \/><\/figure>\r\n\r\n\r\n\r\n<h2 class=\"wp-block-heading\">Funchal<\/h2>\r\n\r\n\r\n\r\n<p>Desde que bajamos sanos y salvos en el que hasta hace poco estaba considerado <strong>como el aeropuerto m\u00e1s peligroso del mundo<\/strong> por sus pistas demasiado peque\u00f1as (actualmente solucionado con una estructura sobre el mar de grandes dimensiones), ya podremos dirigirnos a pasear por las <strong>laber\u00ednticas callejuelas de su capital, Funchal<\/strong>. Un paseo que se disfruta desde el principio con los cinco sentidos, ya que <strong>muchas de sus casitas tienen las puertas decoradas por iniciativa de los artistas locales.<\/strong><\/p>\r\n\r\n\r\n\r\n<p>Adem\u00e1s, <strong>el aroma de las cocinas no cesa<\/strong>, siempre acompa\u00f1ando al turista en un mundo de sensaciones que abren el apetito a cada paso. Aqu\u00ed encontraremos numerosos restaurantes donde degustar las mil y una delicias que la <strong>comida marinera, fresca y sabrosa<\/strong>, aguarda a los que saben comer. Desde las <strong>lapas hasta el pez espada, acompa\u00f1ado de hortalizas de la huerta y frutas tropicales que se cultivan por la zona, pasando por el Bolo do Caco<\/strong> (el pan tradicional), todo un placer para el paladar y uno de los m\u00e1s gratos recuerdos que nos llevaremos de esta isla. Posiblemente, el mejor lugar para disfrutar de su comida sea el <strong>Forte de Santiago, una construcci\u00f3n con una espectacular y antigua estructura, datada en el siglo XVII, que es un s\u00edmbolo de la ciudad.<\/strong><\/p>\r\n\r\n\r\n\r\n<p>No olvides montarte en el transporte cl\u00e1sico de Madeira, <strong>el tuk tuk, y recorrer sus calles desde una perspectiva diferente y muy divertida<\/strong>, visitando alguno de sus museos, <strong>el quinta das Cruces, el del Bordao Tradicional, el Madeira Story Center o el de Cristiano Ronaldo<\/strong> si te gusta este astro del f\u00fatbol.<\/p>\r\n\r\n\r\n\r\n<p>Sin embargo, si quieres realmente una experiencia \u00fanica tendr\u00e1s que <strong>subir al telef\u00e9rico que te lleva hasta Monte y puedas tener la mejor panor\u00e1mica de esta bonita ciudad<\/strong>, visitar el Monte Palace Tropical Garden, calificado como uno de los jardines bot\u00e1nicos m\u00e1s hermosos del mundo seg\u00fan la revista Cond\u00e9 Nast Traveler. Para terminar nada mejor <strong>que la bajada a toda velocidad montado en sus populares cestos de mimbre<\/strong>, una tradicional forma de recorrer el <strong>Caminho do Comboio<\/strong> que lleva us\u00e1ndose desde 1850.<\/p>\r\n\r\n\r\n\r\n<figure class=\"wp-block-image size-large is-resized\"><img loading=\"lazy\" decoding=\"async\" class=\"wp-image-3268\" src=\"https:\/\/www.pasonoroeste.com\/blog\/wp-content\/uploads\/2021\/01\/evening-1712989_1280-1024x682.jpg\" alt=\"\" width=\"937\" height=\"624\" srcset=\"https:\/\/www.pasonoroeste.com\/blog\/wp-content\/uploads\/2021\/01\/evening-1712989_1280-1024x682.jpg 1024w, https:\/\/www.pasonoroeste.com\/blog\/wp-content\/uploads\/2021\/01\/evening-1712989_1280-300x200.jpg 300w, https:\/\/www.pasonoroeste.com\/blog\/wp-content\/uploads\/2021\/01\/evening-1712989_1280-768x512.jpg 768w, https:\/\/www.pasonoroeste.com\/blog\/wp-content\/uploads\/2021\/01\/evening-1712989_1280-705x470.jpg 705w, https:\/\/www.pasonoroeste.com\/blog\/wp-content\/uploads\/2021\/01\/evening-1712989_1280-450x300.jpg 450w, https:\/\/www.pasonoroeste.com\/blog\/wp-content\/uploads\/2021\/01\/evening-1712989_1280.jpg 1000w\" sizes=\"(max-width: 937px) 100vw, 937px\" \/><\/figure>\r\n\r\n\r\n\r\n<h2 class=\"wp-block-heading\">Faja Dos Padres<\/h2>\r\n\r\n\r\n\r\n<p>\u00bfQuieres playa? Esta es preciosa, de <strong>cantos rodados y encajada entre acantilados<\/strong>, solo se puede acceder a ella a trav\u00e9s del mar o por telef\u00e9rico. Una aut\u00e9ntica joya que, por s\u00ed sola ya merece la pena venir a esta isla. Una vez aqu\u00ed te encontrar\u00e1s con un <strong>peque\u00f1o jard\u00edn de productos ecol\u00f3gicos y un total aislamiento<\/strong>. El restaurante que nos encontramos en este rinc\u00f3n es respetuoso con el entorno y se come de maravilla.<\/p>\r\n\r\n\r\n\r\n<p>Otras playas preparadas para el ba\u00f1o son las de <strong>Porto Santo, de Riveira Brava, la Praia Formosa en la Bah\u00eda de Funchal, la playa de Calheta, el Jardim Do Mar o Ponta do Sol<\/strong>.<\/p>\r\n\r\n\r\n\r\n<figure class=\"wp-block-image size-large is-resized\"><img loading=\"lazy\" decoding=\"async\" class=\"wp-image-3269\" src=\"https:\/\/www.pasonoroeste.com\/blog\/wp-content\/uploads\/2021\/01\/camara-de-lobos-1308488_1280-1024x771.jpg\" alt=\"\" width=\"941\" height=\"708\" srcset=\"https:\/\/www.pasonoroeste.com\/blog\/wp-content\/uploads\/2021\/01\/camara-de-lobos-1308488_1280-1024x771.jpg 1024w, https:\/\/www.pasonoroeste.com\/blog\/wp-content\/uploads\/2021\/01\/camara-de-lobos-1308488_1280-300x226.jpg 300w, https:\/\/www.pasonoroeste.com\/blog\/wp-content\/uploads\/2021\/01\/camara-de-lobos-1308488_1280-768x578.jpg 768w, https:\/\/www.pasonoroeste.com\/blog\/wp-content\/uploads\/2021\/01\/camara-de-lobos-1308488_1280-705x531.jpg 705w, https:\/\/www.pasonoroeste.com\/blog\/wp-content\/uploads\/2021\/01\/camara-de-lobos-1308488_1280-450x339.jpg 450w, https:\/\/www.pasonoroeste.com\/blog\/wp-content\/uploads\/2021\/01\/camara-de-lobos-1308488_1280.jpg 886w\" sizes=\"(max-width: 941px) 100vw, 941px\" \/><\/figure>\r\n\r\n\r\n\r\n<h2 class=\"wp-block-heading\">C\u00e1mara de Lobos y otros pueblos de la costa<\/h2>\r\n\r\n\r\n\r\n<p>Si alquilamos un coche y recorremos la <strong>ruta sur-oeste<\/strong>, adem\u00e1s de fabulosas vistas, nos encontraremos con un bonito <strong>pueblo de pescadores<\/strong>, perfecto para fotos y almuerzos de pescados y mariscos frescos. Un paseo recomendable al lado del mar nos ofrece perspectivas tanto del pueblo como del mar, el lugar ideal para <strong>probar la poncha, bebida tradicional de la isla a base de naranja, lim\u00f3n, miel y aguardiente de ron de ca\u00f1a<\/strong>. En este pueblo tambi\u00e9n se pueden apreciar numerosas muestras de arte callejero, por lo que el recorrido es de lo m\u00e1s entretenido.<\/p>\r\n\r\n\r\n\r\n<p><strong>Canizal, Ribera Brava o Machico tambi\u00e9n mantienen ese aire tradicional de pueblo pescador <\/strong>donde, adem\u00e1s de disfrutar de la amistad y sinceridad de sus habitantes, podr\u00e1s descubrir c\u00f3mo mantienen una <strong>fuerte tradici\u00f3n hist\u00f3rica y una arquitectura muy antigua<\/strong>, con edificios construidos nada menos que en 1450. Aqu\u00ed tambi\u00e9n encontraremos <strong>faros que son unas verdaderas joyas de la antig\u00fcedad.<\/strong><\/p>\r\n\r\n\r\n\r\n<figure class=\"wp-block-image size-large is-resized\"><img loading=\"lazy\" decoding=\"async\" class=\"wp-image-3271\" src=\"https:\/\/www.pasonoroeste.com\/blog\/wp-content\/uploads\/2021\/01\/mountains-5676155_1280-1024x768.jpg\" alt=\"\" width=\"944\" height=\"708\" srcset=\"https:\/\/www.pasonoroeste.com\/blog\/wp-content\/uploads\/2021\/01\/mountains-5676155_1280-1024x768.jpg 1024w, https:\/\/www.pasonoroeste.com\/blog\/wp-content\/uploads\/2021\/01\/mountains-5676155_1280-300x225.jpg 300w, https:\/\/www.pasonoroeste.com\/blog\/wp-content\/uploads\/2021\/01\/mountains-5676155_1280-768x576.jpg 768w, https:\/\/www.pasonoroeste.com\/blog\/wp-content\/uploads\/2021\/01\/mountains-5676155_1280-705x529.jpg 705w, https:\/\/www.pasonoroeste.com\/blog\/wp-content\/uploads\/2021\/01\/mountains-5676155_1280-450x338.jpg 450w, https:\/\/www.pasonoroeste.com\/blog\/wp-content\/uploads\/2021\/01\/mountains-5676155_1280.jpg 889w\" sizes=\"(max-width: 944px) 100vw, 944px\" \/><\/figure>\r\n\r\n\r\n\r\n<h2 class=\"wp-block-heading\">Picos del interior<\/h2>\r\n\r\n\r\n\r\n<p>De los rincones con m\u00e1s encanto de la costa a los picos m\u00e1s altos en apenas 25 minutos en coche. As\u00ed es Madeira. Monta\u00f1as como <strong>Pico Ruivo o Pico Arieiro, a m\u00e1s de 1800 metros sobre el nivel del mar<\/strong>, donde nos esperan <strong>rutas y senderos de naturaleza serrana y la experiencia de pasear por encima de las nubes<\/strong>, nos parece cosa de magia.<\/p>\r\n\r\n\r\n\r\n<p>Es obligado para los amantes de las alturas naturales una caminata por <strong>los senderos de Serra d\u00b4Agua para ir descubriendo, uno a uno, sus hermosos rincones salvajes o sus impresionantes vistas.<\/strong> Madeira destaca por su especial orograf\u00eda, y donde la mano del hombre ha sabido actuar creando algunos de los miradores o balcones m\u00e1s impactantes de toda Europa. No hay que perderse, en este sentido, el de <strong>Eira do Serrado, con unas espectaculares vistas al Valle de las Mongas (Curral des Freiras).<\/strong> Tambi\u00e9n, buscando vistas de infarto hay que asomarse al <strong>mirador del Cabo Girao, considerado como el acantilado m\u00e1s alto de Europa al que le han construido una plataforma transparente<\/strong> para que nadie olvide esta visita.<\/p>\r\n\r\n\r\n\r\n<figure class=\"wp-block-image size-large is-resized\"><img loading=\"lazy\" decoding=\"async\" class=\"wp-image-3272\" src=\"https:\/\/www.pasonoroeste.com\/blog\/wp-content\/uploads\/2021\/01\/mountain-2008497_1280-1024x682.jpg\" alt=\"\" width=\"947\" height=\"630\" srcset=\"https:\/\/www.pasonoroeste.com\/blog\/wp-content\/uploads\/2021\/01\/mountain-2008497_1280-1024x682.jpg 1024w, https:\/\/www.pasonoroeste.com\/blog\/wp-content\/uploads\/2021\/01\/mountain-2008497_1280-300x200.jpg 300w, https:\/\/www.pasonoroeste.com\/blog\/wp-content\/uploads\/2021\/01\/mountain-2008497_1280-768x512.jpg 768w, https:\/\/www.pasonoroeste.com\/blog\/wp-content\/uploads\/2021\/01\/mountain-2008497_1280-705x470.jpg 705w, https:\/\/www.pasonoroeste.com\/blog\/wp-content\/uploads\/2021\/01\/mountain-2008497_1280-450x300.jpg 450w\" sizes=\"(max-width: 947px) 100vw, 947px\" \/><\/figure>\r\n\r\n\r\n\r\n<h3 class=\"wp-block-heading\">Senderismo o piscina natural<\/h3>\r\n\r\n\r\n\r\n<p>Seguimos descubriendo los muchos encantos, secretos y rincones de esta isla tan particular. Es hora de decidir d\u00f3nde darnos un ba\u00f1o. Podemos elegir entre realizar una <strong>ruta de senderismo en busca de alguna de las canalizaciones de agua <\/strong>que es posible encontrar a lo largo de los cientos de kil\u00f3metros paralelos que existen entre parajes naturales de gran belleza y que recorren la isla de norte a sur. Imprescindible la ruta de <strong>Caldeirao Verde (6,2 kil\u00f3metros) o la de 25 Fontes (4,5 Kil\u00f3metros).<\/strong><\/p>\r\n\r\n\r\n\r\n<figure class=\"wp-block-image size-large is-resized\"><img loading=\"lazy\" decoding=\"async\" class=\"wp-image-3273\" src=\"https:\/\/www.pasonoroeste.com\/blog\/wp-content\/uploads\/2021\/01\/sea-swimming-pool-418389_1280-1024x683.jpg\" alt=\"\" width=\"941\" height=\"627\" srcset=\"https:\/\/www.pasonoroeste.com\/blog\/wp-content\/uploads\/2021\/01\/sea-swimming-pool-418389_1280-1024x683.jpg 1024w, https:\/\/www.pasonoroeste.com\/blog\/wp-content\/uploads\/2021\/01\/sea-swimming-pool-418389_1280-300x200.jpg 300w, https:\/\/www.pasonoroeste.com\/blog\/wp-content\/uploads\/2021\/01\/sea-swimming-pool-418389_1280-768x512.jpg 768w, https:\/\/www.pasonoroeste.com\/blog\/wp-content\/uploads\/2021\/01\/sea-swimming-pool-418389_1280-705x470.jpg 705w, https:\/\/www.pasonoroeste.com\/blog\/wp-content\/uploads\/2021\/01\/sea-swimming-pool-418389_1280-450x300.jpg 450w, https:\/\/www.pasonoroeste.com\/blog\/wp-content\/uploads\/2021\/01\/sea-swimming-pool-418389_1280.jpg 1000w\" sizes=\"(max-width: 941px) 100vw, 941px\" \/><\/figure>\r\n\r\n\r\n\r\n<p>Pero si el ba\u00f1o lo quieres hacer en el mar, te esperan las <strong>piscinas naturales en Porto Moniz<\/strong>: se trata de <strong>estructuras formadas por lava volc\u00e1nica<\/strong> por la que penetra el mar de manera natural para crear un buen n\u00famero de zonas independientes e interconectadas a modo de <strong>piscinas de aguas cristalinas.<\/strong><\/p>\r\n\r\n\r\n\r\n<figure class=\"wp-block-image size-large is-resized\"><img loading=\"lazy\" decoding=\"async\" class=\"wp-image-3263\" src=\"https:\/\/www.pasonoroeste.com\/blog\/wp-content\/uploads\/2021\/01\/madeira-242925_1280-1024x766.jpg\" alt=\"\" width=\"931\" height=\"696\" srcset=\"https:\/\/www.pasonoroeste.com\/blog\/wp-content\/uploads\/2021\/01\/madeira-242925_1280-1024x766.jpg 1024w, https:\/\/www.pasonoroeste.com\/blog\/wp-content\/uploads\/2021\/01\/madeira-242925_1280-300x224.jpg 300w, https:\/\/www.pasonoroeste.com\/blog\/wp-content\/uploads\/2021\/01\/madeira-242925_1280-768x574.jpg 768w, https:\/\/www.pasonoroeste.com\/blog\/wp-content\/uploads\/2021\/01\/madeira-242925_1280-705x527.jpg 705w, https:\/\/www.pasonoroeste.com\/blog\/wp-content\/uploads\/2021\/01\/madeira-242925_1280-450x336.jpg 450w, https:\/\/www.pasonoroeste.com\/blog\/wp-content\/uploads\/2021\/01\/madeira-242925_1280.jpg 892w\" sizes=\"(max-width: 931px) 100vw, 931px\" \/><\/figure>\r\n\r\n\r\n\r\n<h3 class=\"wp-block-heading\">Las casas de Santana<\/h3>\r\n\r\n\r\n\r\n<p>Otro de los <strong>atractivos \u00fanicos y exclusivos de esta isla son las casas t\u00edpicas de Santana<\/strong> a las que bien merece la pena acercarse y descubrirlas. Son las <strong>edificaciones m\u00e1s primitivas de la isla que a\u00fan se conservan<\/strong>, y en muy buen estado. <strong>Su forma triangular y cubierta de paja<\/strong> te llamar\u00e1n la atenci\u00f3n y te entrar\u00e1n unas ganas tremendas de pasar la noche en este lugar tan acogedor.<\/p>\r\n\r\n\r\n\r\n<figure class=\"wp-block-image size-large is-resized\"><img loading=\"lazy\" decoding=\"async\" class=\"wp-image-3274\" src=\"https:\/\/www.pasonoroeste.com\/blog\/wp-content\/uploads\/2021\/01\/animal-3034431_1280-1024x682.jpg\" alt=\"\" width=\"943\" height=\"628\" srcset=\"https:\/\/www.pasonoroeste.com\/blog\/wp-content\/uploads\/2021\/01\/animal-3034431_1280-1024x682.jpg 1024w, https:\/\/www.pasonoroeste.com\/blog\/wp-content\/uploads\/2021\/01\/animal-3034431_1280-300x200.jpg 300w, https:\/\/www.pasonoroeste.com\/blog\/wp-content\/uploads\/2021\/01\/animal-3034431_1280-768x512.jpg 768w, https:\/\/www.pasonoroeste.com\/blog\/wp-content\/uploads\/2021\/01\/animal-3034431_1280-705x470.jpg 705w, https:\/\/www.pasonoroeste.com\/blog\/wp-content\/uploads\/2021\/01\/animal-3034431_1280-450x300.jpg 450w, https:\/\/www.pasonoroeste.com\/blog\/wp-content\/uploads\/2021\/01\/animal-3034431_1280.jpg 1000w\" sizes=\"(max-width: 943px) 100vw, 943px\" \/><\/figure>\r\n\r\n\r\n\r\n<h3 class=\"wp-block-heading\">Otras actividades imperdibles<\/h3>\r\n\r\n\r\n\r\n<p><strong>Ver un atardecer desde cualquiera de las laderas monta\u00f1osas con cara al oeste<\/strong> y sentir el canto mudo del movimiento planetario, con la vista ins\u00f3lita del oc\u00e9ano atl\u00e1ntico brillando en la m\u00e1s amplia variedad de colores, <strong>salir en una embarcaci\u00f3n tradicional en busca de ballenas y delfines<\/strong> con los que conectar a trav\u00e9s del cruce de miradas con estos fabulosos animales, o <strong>penetrar en lo m\u00e1s profundo de esta tierra por las grutas de Sao Vicente<\/strong>, producidas por una gran erupci\u00f3n volc\u00e1nica y que supusieron el <strong>origen de la isla hace m\u00e1s de 800.000 a\u00f1os<\/strong>. Estas son algunas de las actividades que deben hacerse para poder decir con autoridad que se ha disfrutado de esta isla.<\/p>\r\n\r\n\r\n\r\n<p>Te animas a venirte con nosotros, con <u><strong><a class=\"ek-link\" href=\"https:\/\/www.pasonoroeste.com\" target=\"_blank\" rel=\"noreferrer noopener\" aria-label=\"Paso Noroeste (opens in a new tab)\">Paso Noroeste<\/a><\/strong><\/u> a descubrir <u><a class=\"ek-link\" href=\"https:\/\/www.pasonoroeste.com\/viaje\/portugal\/madeira-la-isla-a-descubrir\/\" target=\"_blank\" rel=\"noreferrer noopener\" aria-label=\" la hermosa isla de Madeira (opens in a new tab)\">la hermosa isla de Madeira<\/a><\/u> o a cualquier otro lugar de nuestro amplio repertorio de destinos. Somos una <strong>agencia de viajes nada habitual<\/strong>, nuestros viajes est\u00e1n pensados para integrarnos con el lugar que visitamos y vivir una experiencia real, inolvidable, que va m\u00e1s all\u00e1 de los circuitos tradicionales tur\u00edsticos. \u00a1Compru\u00e9balo!<\/p>\r\n","protected":false},"excerpt":{"rendered":"<p>En el 2017, los premios del sector tur\u00edstico m\u00e1s prestigioso del mundo, los World Travel Awards, declararon la isla portuguesa de Madeira como el mejor destino insular del mundo. Un premio que puede sorprender porque no es el cl\u00e1sico destino de playa al que todos estamos acostumbrados. Sin embargo, aunque s\u00ed que tiene hermosas playas [&hellip;]<\/p>\n","protected":false},"author":12,"featured_media":3265,"comment_status":"open","ping_status":"open","sticky":false,"template":"","format":"standard","meta":{"footnotes":""},"categories":[237],"tags":[1113,1137,1130,1140,1135,1134,1120,1114,1110,1141,1129,1111,1117,1136,1118,1112,1132,1131,1125,1139,1116,1122,1133,1115],"yoast_head":"<!-- This site is optimized with the Yoast SEO plugin v24.1 - https:\/\/yoast.com\/wordpress\/plugins\/seo\/ -->\n<title>Madeira, un \u201cJard\u00edn flotante\u201d o \u201cla Perla del Atl\u00e1ntico\u201d - Blog del Paso Noroeste<\/title>\n<meta name=\"robots\" content=\"index, follow, max-snippet:-1, max-image-preview:large, max-video-preview:-1\" \/>\n<link rel=\"canonical\" href=\"https:\/\/www.pasonoroeste.com\/blog\/madeira-un-jardin-flotante-o-la-perla-del-atlantico\/\" \/>\n<meta property=\"og:locale\" content=\"es_ES\" \/>\n<meta property=\"og:type\" content=\"article\" \/>\n<meta property=\"og:title\" content=\"Madeira, un \u201cJard\u00edn flotante\u201d o \u201cla Perla del Atl\u00e1ntico\u201d - Blog del Paso Noroeste\" \/>\n<meta property=\"og:description\" content=\"En el 2017, los premios del sector tur\u00edstico m\u00e1s prestigioso del mundo, los World Travel Awards, declararon la isla portuguesa de Madeira como el mejor destino insular del mundo. Un premio que puede sorprender porque no es el cl\u00e1sico destino de playa al que todos estamos acostumbrados. Sin embargo, aunque s\u00ed que tiene hermosas playas [&hellip;]\" \/>\n<meta property=\"og:url\" content=\"https:\/\/www.pasonoroeste.com\/blog\/madeira-un-jardin-flotante-o-la-perla-del-atlantico\/\" \/>\n<meta property=\"og:site_name\" content=\"Blog del Paso Noroeste\" \/>\n<meta property=\"article:publisher\" content=\"https:\/\/www.facebook.com\/pasonoroeste\" \/>\n<meta property=\"article:published_time\" content=\"2021-01-18T11:15:13+00:00\" \/>\n<meta property=\"article:modified_time\" content=\"2025-12-23T14:58:16+00:00\" \/>\n<meta property=\"og:image\" content=\"https:\/\/www.pasonoroeste.com\/blog\/wp-content\/uploads\/2021\/01\/madeira-3353406_1280.jpg\" \/>\n\t<meta property=\"og:image:width\" content=\"1000\" \/>\n\t<meta property=\"og:image:height\" content=\"667\" \/>\n\t<meta property=\"og:image:type\" content=\"image\/jpeg\" \/>\n<meta name=\"author\" content=\"Israel\" \/>\n<meta name=\"twitter:card\" content=\"summary_large_image\" \/>\n<meta name=\"twitter:label1\" content=\"Escrito por\" \/>\n\t<meta name=\"twitter:data1\" content=\"Israel\" \/>\n\t<meta name=\"twitter:label2\" content=\"Tiempo de lectura\" \/>\n\t<meta name=\"twitter:data2\" content=\"8 minutos\" \/>\n<script type=\"application\/ld+json\" class=\"yoast-schema-graph\">{\"@context\":\"https:\/\/schema.org\",\"@graph\":[{\"@type\":\"WebPage\",\"@id\":\"https:\/\/www.pasonoroeste.com\/blog\/madeira-un-jardin-flotante-o-la-perla-del-atlantico\/\",\"url\":\"https:\/\/www.pasonoroeste.com\/blog\/madeira-un-jardin-flotante-o-la-perla-del-atlantico\/\",\"name\":\"Madeira, un \u201cJard\u00edn flotante\u201d o \u201cla Perla del Atl\u00e1ntico\u201d - Blog del Paso Noroeste\",\"isPartOf\":{\"@id\":\"https:\/\/www.pasonoroeste.com\/blog\/#website\"},\"primaryImageOfPage\":{\"@id\":\"https:\/\/www.pasonoroeste.com\/blog\/madeira-un-jardin-flotante-o-la-perla-del-atlantico\/#primaryimage\"},\"image\":{\"@id\":\"https:\/\/www.pasonoroeste.com\/blog\/madeira-un-jardin-flotante-o-la-perla-del-atlantico\/#primaryimage\"},\"thumbnailUrl\":\"https:\/\/www.pasonoroeste.com\/blog\/wp-content\/uploads\/2021\/01\/madeira-3353406_1280.jpg\",\"datePublished\":\"2021-01-18T11:15:13+00:00\",\"dateModified\":\"2025-12-23T14:58:16+00:00\",\"author\":{\"@id\":\"https:\/\/www.pasonoroeste.com\/blog\/#\/schema\/person\/fae7e8c2315cac1483713e0e5bf324ac\"},\"breadcrumb\":{\"@id\":\"https:\/\/www.pasonoroeste.com\/blog\/madeira-un-jardin-flotante-o-la-perla-del-atlantico\/#breadcrumb\"},\"inLanguage\":\"es\",\"potentialAction\":[{\"@type\":\"ReadAction\",\"target\":[\"https:\/\/www.pasonoroeste.com\/blog\/madeira-un-jardin-flotante-o-la-perla-del-atlantico\/\"]}]},{\"@type\":\"ImageObject\",\"inLanguage\":\"es\",\"@id\":\"https:\/\/www.pasonoroeste.com\/blog\/madeira-un-jardin-flotante-o-la-perla-del-atlantico\/#primaryimage\",\"url\":\"https:\/\/www.pasonoroeste.com\/blog\/wp-content\/uploads\/2021\/01\/madeira-3353406_1280.jpg\",\"contentUrl\":\"https:\/\/www.pasonoroeste.com\/blog\/wp-content\/uploads\/2021\/01\/madeira-3353406_1280.jpg\",\"width\":1000,\"height\":667},{\"@type\":\"BreadcrumbList\",\"@id\":\"https:\/\/www.pasonoroeste.com\/blog\/madeira-un-jardin-flotante-o-la-perla-del-atlantico\/#breadcrumb\",\"itemListElement\":[{\"@type\":\"ListItem\",\"position\":1,\"name\":\"Portada\",\"item\":\"https:\/\/www.pasonoroeste.com\/blog\/\"},{\"@type\":\"ListItem\",\"position\":2,\"name\":\"Madeira, un \u201cJard\u00edn flotante\u201d o \u201cla Perla del Atl\u00e1ntico\u201d\"}]},{\"@type\":\"WebSite\",\"@id\":\"https:\/\/www.pasonoroeste.com\/blog\/#website\",\"url\":\"https:\/\/www.pasonoroeste.com\/blog\/\",\"name\":\"Blog del Paso Noroeste\",\"description\":\"Blog de viajes de aventura con Paso Noroeste\",\"potentialAction\":[{\"@type\":\"SearchAction\",\"target\":{\"@type\":\"EntryPoint\",\"urlTemplate\":\"https:\/\/www.pasonoroeste.com\/blog\/?s={search_term_string}\"},\"query-input\":{\"@type\":\"PropertyValueSpecification\",\"valueRequired\":true,\"valueName\":\"search_term_string\"}}],\"inLanguage\":\"es\"},{\"@type\":\"Person\",\"@id\":\"https:\/\/www.pasonoroeste.com\/blog\/#\/schema\/person\/fae7e8c2315cac1483713e0e5bf324ac\",\"name\":\"Israel\",\"image\":{\"@type\":\"ImageObject\",\"inLanguage\":\"es\",\"@id\":\"https:\/\/www.pasonoroeste.com\/blog\/#\/schema\/person\/image\/\",\"url\":\"https:\/\/secure.gravatar.com\/avatar\/b2d381fe108b87bde05444f4532a074a?s=96&d=mm&r=g\",\"contentUrl\":\"https:\/\/secure.gravatar.com\/avatar\/b2d381fe108b87bde05444f4532a074a?s=96&d=mm&r=g\",\"caption\":\"Israel\"},\"url\":\"https:\/\/www.pasonoroeste.com\/blog\/author\/israel\/\"}]}<\/script>\n<!-- \/ Yoast SEO plugin. -->","yoast_head_json":{"title":"Madeira, un \u201cJard\u00edn flotante\u201d o \u201cla Perla del Atl\u00e1ntico\u201d - Blog del Paso Noroeste","robots":{"index":"index","follow":"follow","max-snippet":"max-snippet:-1","max-image-preview":"max-image-preview:large","max-video-preview":"max-video-preview:-1"},"canonical":"https:\/\/www.pasonoroeste.com\/blog\/madeira-un-jardin-flotante-o-la-perla-del-atlantico\/","og_locale":"es_ES","og_type":"article","og_title":"Madeira, un \u201cJard\u00edn flotante\u201d o \u201cla Perla del Atl\u00e1ntico\u201d - Blog del Paso Noroeste","og_description":"En el 2017, los premios del sector tur\u00edstico m\u00e1s prestigioso del mundo, los World Travel Awards, declararon la isla portuguesa de Madeira como el mejor destino insular del mundo. Un premio que puede sorprender porque no es el cl\u00e1sico destino de playa al que todos estamos acostumbrados. Sin embargo, aunque s\u00ed que tiene hermosas playas [&hellip;]","og_url":"https:\/\/www.pasonoroeste.com\/blog\/madeira-un-jardin-flotante-o-la-perla-del-atlantico\/","og_site_name":"Blog del Paso Noroeste","article_publisher":"https:\/\/www.facebook.com\/pasonoroeste","article_published_time":"2021-01-18T11:15:13+00:00","article_modified_time":"2025-12-23T14:58:16+00:00","og_image":[{"width":1000,"height":667,"url":"https:\/\/www.pasonoroeste.com\/blog\/wp-content\/uploads\/2021\/01\/madeira-3353406_1280.jpg","type":"image\/jpeg"}],"author":"Israel","twitter_card":"summary_large_image","twitter_misc":{"Escrito por":"Israel","Tiempo de lectura":"8 minutos"},"schema":{"@context":"https:\/\/schema.org","@graph":[{"@type":"WebPage","@id":"https:\/\/www.pasonoroeste.com\/blog\/madeira-un-jardin-flotante-o-la-perla-del-atlantico\/","url":"https:\/\/www.pasonoroeste.com\/blog\/madeira-un-jardin-flotante-o-la-perla-del-atlantico\/","name":"Madeira, un \u201cJard\u00edn flotante\u201d o \u201cla Perla del Atl\u00e1ntico\u201d - Blog del Paso Noroeste","isPartOf":{"@id":"https:\/\/www.pasonoroeste.com\/blog\/#website"},"primaryImageOfPage":{"@id":"https:\/\/www.pasonoroeste.com\/blog\/madeira-un-jardin-flotante-o-la-perla-del-atlantico\/#primaryimage"},"image":{"@id":"https:\/\/www.pasonoroeste.com\/blog\/madeira-un-jardin-flotante-o-la-perla-del-atlantico\/#primaryimage"},"thumbnailUrl":"https:\/\/www.pasonoroeste.com\/blog\/wp-content\/uploads\/2021\/01\/madeira-3353406_1280.jpg","datePublished":"2021-01-18T11:15:13+00:00","dateModified":"2025-12-23T14:58:16+00:00","author":{"@id":"https:\/\/www.pasonoroeste.com\/blog\/#\/schema\/person\/fae7e8c2315cac1483713e0e5bf324ac"},"breadcrumb":{"@id":"https:\/\/www.pasonoroeste.com\/blog\/madeira-un-jardin-flotante-o-la-perla-del-atlantico\/#breadcrumb"},"inLanguage":"es","potentialAction":[{"@type":"ReadAction","target":["https:\/\/www.pasonoroeste.com\/blog\/madeira-un-jardin-flotante-o-la-perla-del-atlantico\/"]}]},{"@type":"ImageObject","inLanguage":"es","@id":"https:\/\/www.pasonoroeste.com\/blog\/madeira-un-jardin-flotante-o-la-perla-del-atlantico\/#primaryimage","url":"https:\/\/www.pasonoroeste.com\/blog\/wp-content\/uploads\/2021\/01\/madeira-3353406_1280.jpg","contentUrl":"https:\/\/www.pasonoroeste.com\/blog\/wp-content\/uploads\/2021\/01\/madeira-3353406_1280.jpg","width":1000,"height":667},{"@type":"BreadcrumbList","@id":"https:\/\/www.pasonoroeste.com\/blog\/madeira-un-jardin-flotante-o-la-perla-del-atlantico\/#breadcrumb","itemListElement":[{"@type":"ListItem","position":1,"name":"Portada","item":"https:\/\/www.pasonoroeste.com\/blog\/"},{"@type":"ListItem","position":2,"name":"Madeira, un \u201cJard\u00edn flotante\u201d o \u201cla Perla del Atl\u00e1ntico\u201d"}]},{"@type":"WebSite","@id":"https:\/\/www.pasonoroeste.com\/blog\/#website","url":"https:\/\/www.pasonoroeste.com\/blog\/","name":"Blog del Paso Noroeste","description":"Blog de viajes de aventura con Paso Noroeste","potentialAction":[{"@type":"SearchAction","target":{"@type":"EntryPoint","urlTemplate":"https:\/\/www.pasonoroeste.com\/blog\/?s={search_term_string}"},"query-input":{"@type":"PropertyValueSpecification","valueRequired":true,"valueName":"search_term_string"}}],"inLanguage":"es"},{"@type":"Person","@id":"https:\/\/www.pasonoroeste.com\/blog\/#\/schema\/person\/fae7e8c2315cac1483713e0e5bf324ac","name":"Israel","image":{"@type":"ImageObject","inLanguage":"es","@id":"https:\/\/www.pasonoroeste.com\/blog\/#\/schema\/person\/image\/","url":"https:\/\/secure.gravatar.com\/avatar\/b2d381fe108b87bde05444f4532a074a?s=96&d=mm&r=g","contentUrl":"https:\/\/secure.gravatar.com\/avatar\/b2d381fe108b87bde05444f4532a074a?s=96&d=mm&r=g","caption":"Israel"},"url":"https:\/\/www.pasonoroeste.com\/blog\/author\/israel\/"}]}},"_links":{"self":[{"href":"https:\/\/www.pasonoroeste.com\/blog\/wp-json\/wp\/v2\/posts\/3261"}],"collection":[{"href":"https:\/\/www.pasonoroeste.com\/blog\/wp-json\/wp\/v2\/posts"}],"about":[{"href":"https:\/\/www.pasonoroeste.com\/blog\/wp-json\/wp\/v2\/types\/post"}],"author":[{"embeddable":true,"href":"https:\/\/www.pasonoroeste.com\/blog\/wp-json\/wp\/v2\/users\/12"}],"replies":[{"embeddable":true,"href":"https:\/\/www.pasonoroeste.com\/blog\/wp-json\/wp\/v2\/comments?post=3261"}],"version-history":[{"count":13,"href":"https:\/\/www.pasonoroeste.com\/blog\/wp-json\/wp\/v2\/posts\/3261\/revisions"}],"predecessor-version":[{"id":5887,"href":"https:\/\/www.pasonoroeste.com\/blog\/wp-json\/wp\/v2\/posts\/3261\/revisions\/5887"}],"wp:featuredmedia":[{"embeddable":true,"href":"https:\/\/www.pasonoroeste.com\/blog\/wp-json\/wp\/v2\/media\/3265"}],"wp:attachment":[{"href":"https:\/\/www.pasonoroeste.com\/blog\/wp-json\/wp\/v2\/media?parent=3261"}],"wp:term":[{"taxonomy":"category","embeddable":true,"href":"https:\/\/www.pasonoroeste.com\/blog\/wp-json\/wp\/v2\/categories?post=3261"},{"taxonomy":"post_tag","embeddable":true,"href":"https:\/\/www.pasonoroeste.com\/blog\/wp-json\/wp\/v2\/tags?post=3261"}],"curies":[{"name":"wp","href":"https:\/\/api.w.org\/{rel}","templated":true}]}}